{"id":34,"date":"2012-04-30T09:33:03","date_gmt":"2012-04-30T07:33:03","guid":{"rendered":"http:\/\/lamentari.de\/?p=34"},"modified":"2012-04-30T09:33:03","modified_gmt":"2012-04-30T07:33:03","slug":"heute-morgen","status":"publish","type":"post","link":"https:\/\/lamentari.de\/?p=34","title":{"rendered":"Heute morgen"},"content":{"rendered":"<p>Nachdem ich heute morgen nach einem etwas l\u00e4ngerem Kampf mit den Sendersuchlauf meines Satellitenreceivers ausgefochten hatte, um die ge\u00e4nderten Frequenzen der \u00f6ffentlich-rechtlichen Sender zu finden. Was sehe ich als erstes? <\/p>\n<p>Ganz gro\u00dfes Kino: den guten alten Werbespot, dass das analoge Satellitenfernsehen zum 30.4. abgeschaltet wird. <\/p>\n<p>Liebe Indentanten, Redakteure oder sonstige Verantwortlichen: ihr k\u00f6nnt das jetzt einstellen!\nDie, die es betrifft k\u00f6nnen das n\u00e4mlich nicht mehr sehen! Deren Bildschirm ist ab letzte Nacht schwarz!<\/p>\n<p>Danke!<\/p>\n","protected":false},"excerpt":{"rendered":"","protected":false},"author":2,"featured_media":0,"comment_status":"open","ping_status":"open","sticky":false,"template":"","format":"standard","meta":[],"categories":[1],"tags":[],"_links":{"self":[{"href":"https:\/\/lamentari.de\/index.php?rest_route=\/wp\/v2\/posts\/34"}],"collection":[{"href":"https:\/\/lamentari.de\/index.php?rest_route=\/wp\/v2\/posts"}],"about":[{"href":"https:\/\/lamentari.de\/index.php?rest_route=\/wp\/v2\/types\/post"}],"author":[{"embeddable":true,"href":"https:\/\/lamentari.de\/index.php?rest_route=\/wp\/v2\/users\/2"}],"replies":[{"embeddable":true,"href":"https:\/\/lamentari.de\/index.php?rest_route=%2Fwp%2Fv2%2Fcomments&post=34"}],"version-history":[{"count":3,"href":"https:\/\/lamentari.de\/index.php?rest_route=\/wp\/v2\/posts\/34\/revisions"}],"predecessor-version":[{"id":37,"href":"https:\/\/lamentari.de\/index.php?rest_route=\/wp\/v2\/posts\/34\/revisions\/37"}],"wp:attachment":[{"href":"https:\/\/lamentari.de\/index.php?rest_route=%2Fwp%2Fv2%2Fmedia&parent=34"}],"wp:term":[{"taxonomy":"category","embeddable":true,"href":"https:\/\/lamentari.de\/index.php?rest_route=%2Fwp%2Fv2%2Fcategories&post=34"},{"taxonomy":"post_tag","embeddable":true,"href":"https:\/\/lamentari.de\/index.php?rest_route=%2Fwp%2Fv2%2Ftags&post=34"}],"curies":[{"name":"wp","href":"https:\/\/api.w.org\/{rel}","templated":true}]}}