{"id":51,"date":"2013-03-04T16:34:07","date_gmt":"2013-03-04T15:34:07","guid":{"rendered":"http:\/\/lamentari.de\/?p=51"},"modified":"2013-03-04T16:34:07","modified_gmt":"2013-03-04T15:34:07","slug":"es-macht-mir-angst","status":"publish","type":"post","link":"https:\/\/lamentari.de\/?p=51","title":{"rendered":"Es macht mir Angst"},"content":{"rendered":"<p>Es macht mir Angst, dieses helle grelle Etwas, dass heute morgen am Himmel\nerschien. Bleibt das den ganzen Tag? Kommt es morgen wieder? <\/p>\n<p>Ich sp\u00fcre meine Motzelb\u00e4rigkeit schwinden. Die letzten Wochen waren so... grau, so angenehm gleichf\u00f6rmig: aufstehen, es ist dunkel, ab zur Arbeit, es ist dunkelgrau, ab nach Hause, es wird wieder dunkel, etwas essen, im Fernsehen l\u00e4uft irgendein Mist, danach wieder ins Bett. So sehen die Rahmenbedingungen f\u00fcr eine gepflegte Depression aus!<\/p>\n<p>Das alles scheint nun vorbei zu sein! Vorbei der dunkelste Winter seitdem irgendwelche Leute beschlossen haben, sich f\u00fcr dunkle Winter zu interessieren.<\/p>\n<p>Dar\u00fcber k\u00f6nnt ich mich doch glatt aufregen...<\/p>\n","protected":false},"excerpt":{"rendered":"","protected":false},"author":2,"featured_media":0,"comment_status":"open","ping_status":"open","sticky":false,"template":"","format":"standard","meta":[],"categories":[1],"tags":[],"_links":{"self":[{"href":"https:\/\/lamentari.de\/index.php?rest_route=\/wp\/v2\/posts\/51"}],"collection":[{"href":"https:\/\/lamentari.de\/index.php?rest_route=\/wp\/v2\/posts"}],"about":[{"href":"https:\/\/lamentari.de\/index.php?rest_route=\/wp\/v2\/types\/post"}],"author":[{"embeddable":true,"href":"https:\/\/lamentari.de\/index.php?rest_route=\/wp\/v2\/users\/2"}],"replies":[{"embeddable":true,"href":"https:\/\/lamentari.de\/index.php?rest_route=%2Fwp%2Fv2%2Fcomments&post=51"}],"version-history":[{"count":2,"href":"https:\/\/lamentari.de\/index.php?rest_route=\/wp\/v2\/posts\/51\/revisions"}],"predecessor-version":[{"id":53,"href":"https:\/\/lamentari.de\/index.php?rest_route=\/wp\/v2\/posts\/51\/revisions\/53"}],"wp:attachment":[{"href":"https:\/\/lamentari.de\/index.php?rest_route=%2Fwp%2Fv2%2Fmedia&parent=51"}],"wp:term":[{"taxonomy":"category","embeddable":true,"href":"https:\/\/lamentari.de\/index.php?rest_route=%2Fwp%2Fv2%2Fcategories&post=51"},{"taxonomy":"post_tag","embeddable":true,"href":"https:\/\/lamentari.de\/index.php?rest_route=%2Fwp%2Fv2%2Ftags&post=51"}],"curies":[{"name":"wp","href":"https:\/\/api.w.org\/{rel}","templated":true}]}}