{"id":77,"date":"2016-03-30T12:35:03","date_gmt":"2016-03-30T10:35:03","guid":{"rendered":"http:\/\/lamentari.de\/?p=77"},"modified":"2016-03-30T12:35:03","modified_gmt":"2016-03-30T10:35:03","slug":"frage-der-woche-iv","status":"publish","type":"post","link":"https:\/\/lamentari.de\/?p=77","title":{"rendered":"Frage der Woche IV"},"content":{"rendered":"<h3>Die halbe Welt tr\u00e4gt Outdoor-Jacken. Wieso f\u00e4hrt man trotzdem beim kleinsten Anschein von Regen mit dem Auto zum Br\u00f6tchen holen?<\/h3>\n","protected":false},"excerpt":{"rendered":"","protected":false},"author":2,"featured_media":0,"comment_status":"open","ping_status":"open","sticky":false,"template":"","format":"standard","meta":[],"categories":[1],"tags":[],"_links":{"self":[{"href":"https:\/\/lamentari.de\/index.php?rest_route=\/wp\/v2\/posts\/77"}],"collection":[{"href":"https:\/\/lamentari.de\/index.php?rest_route=\/wp\/v2\/posts"}],"about":[{"href":"https:\/\/lamentari.de\/index.php?rest_route=\/wp\/v2\/types\/post"}],"author":[{"embeddable":true,"href":"https:\/\/lamentari.de\/index.php?rest_route=\/wp\/v2\/users\/2"}],"replies":[{"embeddable":true,"href":"https:\/\/lamentari.de\/index.php?rest_route=%2Fwp%2Fv2%2Fcomments&post=77"}],"version-history":[{"count":2,"href":"https:\/\/lamentari.de\/index.php?rest_route=\/wp\/v2\/posts\/77\/revisions"}],"predecessor-version":[{"id":79,"href":"https:\/\/lamentari.de\/index.php?rest_route=\/wp\/v2\/posts\/77\/revisions\/79"}],"wp:attachment":[{"href":"https:\/\/lamentari.de\/index.php?rest_route=%2Fwp%2Fv2%2Fmedia&parent=77"}],"wp:term":[{"taxonomy":"category","embeddable":true,"href":"https:\/\/lamentari.de\/index.php?rest_route=%2Fwp%2Fv2%2Fcategories&post=77"},{"taxonomy":"post_tag","embeddable":true,"href":"https:\/\/lamentari.de\/index.php?rest_route=%2Fwp%2Fv2%2Ftags&post=77"}],"curies":[{"name":"wp","href":"https:\/\/api.w.org\/{rel}","templated":true}]}}